{"id":744,"date":"2002-01-20T21:28:45","date_gmt":"2002-01-20T21:28:45","guid":{"rendered":"http:\/\/bermudezarquitecto.wordpress.com\/?p=744"},"modified":"2002-01-20T21:28:45","modified_gmt":"2002-01-20T21:28:45","slug":"porsche-panama","status":"publish","type":"post","link":"https:\/\/deaixa.com\/bermudezarquitecto\/2002\/01\/20\/porsche-panama\/","title":{"rendered":"Porsche Costa del Este en Panam\u00e1"},"content":{"rendered":"\n<div class=\"wp-block-media-text is-stacked-on-mobile is-vertically-aligned-top\" style=\"grid-template-columns:40% auto\"><figure class=\"wp-block-media-text__media\"><img decoding=\"async\" src=\"https:\/\/deaixa.com\/bermudezarquitecto\/wp-content\/uploads\/2022\/09\/porsche_panama.jpg\" alt=\"\" class=\"wp-image-3094 size-full\"\/><\/figure><div class=\"wp-block-media-text__content\">\n<p>Porsche Costa del Este en Panam\u00e1 tiene un significado muy especial. Esta obra &#8211; luego de su dise\u00f1o y construcci\u00f3n en 2002 &#8211; abri\u00f3 un universo nuevo en mi espectro profesional.<\/p>\n\n\n\n<p>Era viernes a media ma\u00f1ana cuando recib\u00ed la llamada. El departamento encargado en Alemania de la imagen corporativa ya conoc\u00eda el proyecto. La pregunta fue sencilla y directa: \u201c\u00bfQuiere ser usted nuestro arquitecto regional para Latinoam\u00e9rica y el Caribe?\u201d.<\/p>\n\n\n\n<p>Por cuesti\u00f3n de estilo solicit\u00e9 hasta el lunes para meditar la oferta. Dem\u00e1s est\u00e1 decirles que la decisi\u00f3n \u2013 afirmativa desde el momento que escuch\u00e9 la maravillosa proposici\u00f3n \u2013 ha sido una de las m\u00e1s afortunadas que he tomado a lo largo de mi carrera. <\/p>\n<\/div><\/div>\n\n\n\n<figure class=\"wp-block-gallery has-nested-images columns-default is-cropped wp-block-gallery-1 is-layout-flex wp-block-gallery-is-layout-flex\">\n<figure class=\"wp-block-image size-large\"><img decoding=\"async\" data-id=\"3097\" src=\"https:\/\/deaixa.com\/bermudezarquitecto\/wp-content\/uploads\/2022\/09\/Exterior-1porsche-panama.jpg\" alt=\"\" class=\"wp-image-3097\"\/><\/figure>\n\n\n\n<figure class=\"wp-block-image size-large\"><img decoding=\"async\" data-id=\"3096\" src=\"https:\/\/deaixa.com\/bermudezarquitecto\/wp-content\/uploads\/2022\/09\/Wall-and-stairporsche-panama.jpg\" alt=\"\" class=\"wp-image-3096\"\/><\/figure>\n<\/figure>\n","protected":false},"excerpt":{"rendered":"<p>Porsche Costa del Este en Panam\u00e1 tiene un significado muy especial. Esta obra &#8211; luego de su dise\u00f1o y construcci\u00f3n en 2002 &#8211; abri\u00f3 un universo nuevo en mi espectro profesional. Era viernes a media ma\u00f1ana cuando recib\u00ed la llamada. El departamento encargado en Alemania de la imagen corporativa ya conoc\u00eda el proyecto. La pregunta fue sencilla y directa: \u201c\u00bfQuiere ser usted nuestro arquitecto regional para Latinoam\u00e9rica y el Caribe?\u201d. Por cuesti\u00f3n de estilo solicit\u00e9 hasta el lunes para meditar la oferta. Dem\u00e1s est\u00e1 decirles que la decisi\u00f3n \u2013 afirmativa desde el momento que escuch\u00e9 la maravillosa proposici\u00f3n \u2013 ha sido una de las m\u00e1s<span class=\"more-link-wrap\"><a class=\"more-link\" href=\"https:\/\/deaixa.com\/bermudezarquitecto\/2002\/01\/20\/porsche-panama\/\">Continuar leyendo<\/a><\/span><\/p>\n","protected":false},"author":2,"featured_media":2104,"comment_status":"closed","ping_status":"closed","sticky":false,"template":"","format":"standard","meta":{"footnotes":""},"categories":[7,8,22],"tags":[],"class_list":["entry","author-webmaster","has-excerpt","post-744","post","type-post","status-publish","format-standard","has-post-thumbnail","category-automobile-dealers","category-autodealers-panama","category-panama"],"_links":{"self":[{"href":"https:\/\/deaixa.com\/bermudezarquitecto\/wp-json\/wp\/v2\/posts\/744","targetHints":{"allow":["GET"]}}],"collection":[{"href":"https:\/\/deaixa.com\/bermudezarquitecto\/wp-json\/wp\/v2\/posts"}],"about":[{"href":"https:\/\/deaixa.com\/bermudezarquitecto\/wp-json\/wp\/v2\/types\/post"}],"author":[{"embeddable":true,"href":"https:\/\/deaixa.com\/bermudezarquitecto\/wp-json\/wp\/v2\/users\/2"}],"replies":[{"embeddable":true,"href":"https:\/\/deaixa.com\/bermudezarquitecto\/wp-json\/wp\/v2\/comments?post=744"}],"version-history":[{"count":0,"href":"https:\/\/deaixa.com\/bermudezarquitecto\/wp-json\/wp\/v2\/posts\/744\/revisions"}],"wp:featuredmedia":[{"embeddable":true,"href":"https:\/\/deaixa.com\/bermudezarquitecto\/wp-json\/"}],"wp:attachment":[{"href":"https:\/\/deaixa.com\/bermudezarquitecto\/wp-json\/wp\/v2\/media?parent=744"}],"wp:term":[{"taxonomy":"category","embeddable":true,"href":"https:\/\/deaixa.com\/bermudezarquitecto\/wp-json\/wp\/v2\/categories?post=744"},{"taxonomy":"post_tag","embeddable":true,"href":"https:\/\/deaixa.com\/bermudezarquitecto\/wp-json\/wp\/v2\/tags?post=744"}],"curies":[{"name":"wp","href":"https:\/\/api.w.org\/{rel}","templated":true}]}}