{"id":606,"date":"1997-01-08T21:01:38","date_gmt":"1997-01-08T21:01:38","guid":{"rendered":"http:\/\/bermudezarquitecto.wordpress.com\/?p=606"},"modified":"1997-01-08T21:01:38","modified_gmt":"1997-01-08T21:01:38","slug":"capilla-de-kankintu","status":"publish","type":"post","link":"https:\/\/deaixa.com\/bermudezarquitecto\/1997\/01\/08\/capilla-de-kankintu\/","title":{"rendered":"Capilla de Kankint\u00fa"},"content":{"rendered":"\n<h5 class=\"wp-block-heading\">1996<br>Kankint\u00fa, Bocas del Toro, Republic of Panama<\/h5>\n\n\n\n<h5 class=\"wp-block-heading\"><em>&#8220;Recuerdo cuando dise\u00f1\u00e9 una peque\u00f1a capilla en Kankint\u00fa (regi\u00f3n guaym\u00ed del Caribe paname\u00f1o) insistieron mucho sobre la orientaci\u00f3n hacia la salida del sol (Este).&#8221; Ricardo J. Bemudez Dutari.<\/em><\/h5>\n\n\n\n<h5 class=\"wp-block-heading\">&#8220;When designing a small chapel in <em>Kankint\u00fa ( <em>guaym\u00ed &nbsp;region of the Panamanian Caribbean)<\/em>&nbsp;I remember that my client much insisted on the orientation towards the sunrise (East).&#8221;&nbsp;<em>Ricardo J.Bemudez Dutari.<\/em><\/em><\/h5>\n\n\n<div class=\"wp-block-image\">\n<figure class=\"aligncenter size-large\"><img decoding=\"async\" src=\"https:\/\/deaixa.com\/bermudezarquitecto\/wp-content\/uploads\/1997\/01\/Capilla-Kinkantu-Panama-scaled-1.jpg\" alt=\"\" class=\"wp-image-2312\"\/><figcaption>\t\t\t\t\t\t<\/figcaption><\/figure>\n<\/div>","protected":false},"excerpt":{"rendered":"<p>1996Kankint\u00fa, Bocas del Toro, Republic of Panama &#8220;Recuerdo cuando dise\u00f1\u00e9 una peque\u00f1a capilla en Kankint\u00fa (regi\u00f3n guaym\u00ed del Caribe paname\u00f1o) insistieron mucho sobre la orientaci\u00f3n hacia la salida del sol (Este).&#8221; Ricardo J. Bemudez Dutari. &#8220;When designing a small chapel in Kankint\u00fa ( guaym\u00ed &nbsp;region of the Panamanian Caribbean)&nbsp;I remember that my client much insisted on the orientation towards the sunrise (East).&#8221;&nbsp;Ricardo J.Bemudez Dutari.<span class=\"more-link-wrap\"><a class=\"more-link\" href=\"https:\/\/deaixa.com\/bermudezarquitecto\/1997\/01\/08\/capilla-de-kankintu\/\">Continuar leyendo<\/a><\/span><\/p>\n","protected":false},"author":2,"featured_media":2315,"comment_status":"closed","ping_status":"closed","sticky":false,"template":"","format":"standard","meta":{"footnotes":""},"categories":[5,16,22],"tags":[],"class_list":["entry","author-webmaster","has-excerpt","post-606","post","type-post","status-publish","format-standard","has-post-thumbnail","category-chapels-religious-centers","category-featured","category-panama"],"_links":{"self":[{"href":"https:\/\/deaixa.com\/bermudezarquitecto\/wp-json\/wp\/v2\/posts\/606","targetHints":{"allow":["GET"]}}],"collection":[{"href":"https:\/\/deaixa.com\/bermudezarquitecto\/wp-json\/wp\/v2\/posts"}],"about":[{"href":"https:\/\/deaixa.com\/bermudezarquitecto\/wp-json\/wp\/v2\/types\/post"}],"author":[{"embeddable":true,"href":"https:\/\/deaixa.com\/bermudezarquitecto\/wp-json\/wp\/v2\/users\/2"}],"replies":[{"embeddable":true,"href":"https:\/\/deaixa.com\/bermudezarquitecto\/wp-json\/wp\/v2\/comments?post=606"}],"version-history":[{"count":0,"href":"https:\/\/deaixa.com\/bermudezarquitecto\/wp-json\/wp\/v2\/posts\/606\/revisions"}],"wp:featuredmedia":[{"embeddable":true,"href":"https:\/\/deaixa.com\/bermudezarquitecto\/wp-json\/"}],"wp:attachment":[{"href":"https:\/\/deaixa.com\/bermudezarquitecto\/wp-json\/wp\/v2\/media?parent=606"}],"wp:term":[{"taxonomy":"category","embeddable":true,"href":"https:\/\/deaixa.com\/bermudezarquitecto\/wp-json\/wp\/v2\/categories?post=606"},{"taxonomy":"post_tag","embeddable":true,"href":"https:\/\/deaixa.com\/bermudezarquitecto\/wp-json\/wp\/v2\/tags?post=606"}],"curies":[{"name":"wp","href":"https:\/\/api.w.org\/{rel}","templated":true}]}}